{"id":165,"date":"2026-03-29T01:11:25","date_gmt":"2026-03-29T01:11:25","guid":{"rendered":"https:\/\/acasadostrevos.com\/?p=165"},"modified":"2026-03-29T01:11:27","modified_gmt":"2026-03-29T01:11:27","slug":"etapa-baiona-vigo-camino-portugues-por-la-costa","status":"publish","type":"post","link":"https:\/\/acasadostrevos.com\/en\/etapa-baiona-vigo-camino-portugues-por-la-costa\/","title":{"rendered":"Baiona-Vigo Stage (Portuguese Coastal Route)"},"content":{"rendered":"<p><strong>Resumen:<\/strong>\u00a0Esta etapa conecta la hist\u00f3rica villa marinera de Baiona con la ciudad de Vigo. Seg\u00fan la Xunta, la longitud oficial es de\u00a0<strong>26,8 km<\/strong>\u00a0(dificultad baja, ~5h25min caminando). Es un recorrido mayormente llano que discurre por Sabar\u00eds y A Ramallosa antes de entrar en Vigo. Existe una variante costera m\u00e1s corta (~23 km) que bordea la r\u00eda de Vigo por playas (Samil, Panx\u00f3n) en lugar del trazado interior. A continuaci\u00f3n repasamos datos pr\u00e1cticos, mapa oficial, consejos de planificaci\u00f3n, alojamientos (Baiona\/A Ramallosa) y un sencillo formulario de contacto.<\/p>\n\n\n\n<h2 class=\"wp-block-heading\" id=\"datos-de-la-etapa\">Datos de la etapa<\/h2>\n\n\n\n<ul class=\"wp-block-list\">\n<li><strong>Distancia:<\/strong>\u00a026,8 km en total. Bajando a\u00a0<strong>4,8 km<\/strong>\u00a0desde Baiona hasta la parroquia de A Ramallosa\u00a0y ~22,0 km de A Ramallosa a Vigo. Wikiloc reporta 4,15 km Baiona\u2013A Ramallosa.<\/li>\n\n\n\n<li><strong>Desnivel acumulado:<\/strong>\u00a0~30 m positivo y 41 m negativo en Baiona\u2013Ramallosa; ligero en el tramo restante (no especificado).<\/li>\n\n\n\n<li><strong>Tiempo estimado (a pie):<\/strong>\u00a0Oficial: ~5h25. (En bici:\u00a0<strong>no especificado<\/strong>, estimamos ~2\u20133h seg\u00fan ritmo).<\/li>\n\n\n\n<li><strong>Inicio\/fin:<\/strong>\u00a0Comienza en Baiona (p. ej. Fortaleza de Monterreal) y finaliza en Vigo (casco urbano).<\/li>\n\n\n\n<li><strong>Tipo de ruta:<\/strong>\u00a0Mayormente urbana\/rural. No existen pasos t\u00e9cnicos complicados; es apta para caminantes y ciclistas iniciados.<\/li>\n\n\n\n<li><strong>Variantes:<\/strong>\n<ul class=\"wp-block-list\">\n<li><em>Trazado oficial (interior):<\/em>\u00a0Pasa por Sabar\u00eds y el entorno de A Ramallosa, cruzando el puente medieval sobre el Mi\u00f1or. M\u00e1s largo (26,8 km) y \u201crompepiernas\u201d.<\/li>\n\n\n\n<li><em>Trazado costero:<\/em>\u00a0Tras A Ramallosa se sigue por Monte Lourido, Panx\u00f3n y Samil hasta Vigo. M\u00e1s corto (~23 km) y panor\u00e1mico, recomendado si \u201chas venido a hacer el camino por la costa\u201d.<\/li>\n<\/ul>\n<\/li>\n<\/ul>\n\n\n\n<figure class=\"wp-block-table\"><table class=\"has-fixed-layout\"><thead><tr><th class=\"has-text-align-left\" data-align=\"left\">Variante<\/th><th class=\"has-text-align-left\" data-align=\"left\">Pros<\/th><th class=\"has-text-align-left\" data-align=\"left\">Contras<\/th><\/tr><\/thead><tbody><tr><td><strong>Costera<\/strong><\/td><td>Paisajes mar\u00edtimos (playas de Panx\u00f3n, Samil); m\u00e1s corta (~23 km).<\/td><td>Requiere seguir marcas verdes (camino alternativo); exige cruzar Sabela\/Lagares; algo m\u00e1s expuesta al viento.<\/td><\/tr><tr><td><strong>Interior<\/strong><\/td><td>Se\u00f1alizaci\u00f3n oficial (flechas amarillas); + tradici\u00f3n jacobea.<\/td><td>Recorrido ~3 km m\u00e1s largo, subidas m\u00e1s marcadas; paso por zona menos esc\u00e9nica.<\/td><\/tr><\/tbody><\/table><\/figure>\n\n\n\n<h2 class=\"wp-block-heading\" id=\"mapa-y-recursos-cartogr\u00e1ficos\">Mapa y recursos cartogr\u00e1ficos<\/h2>\n\n\n\n<p>Turismo de Galicia ofrece un&nbsp;<strong>mapa interactivo oficial<\/strong>&nbsp;de esta etapa. Adem\u00e1s, existen tracks en Wikiloc y Google Maps: por ejemplo, la ruta \u201cBaiona \u2013 A Ramallosa (Camino Portugu\u00e9s costa)\u201d. Se pueden usar apps GPS: la Xunta tiene pistas GPS (GPX descargable) y Wikiloc permite importar la etapa completa. Recomendamos consultar tambi\u00e9n la p\u00e1gina de Albergues Camino&nbsp;o mapas locales (p.ej. mapa de Carreteras de Galicia). En el mapa se marc\u00f3 la divisi\u00f3n Ramallosa\/V\u00eda de Baiona. Para ver el trazado oficial, ver la lista de etapas en Turismo Galicia&nbsp;( bot\u00f3n&nbsp;<em>\u201cVer en el mapa\u201d<\/em>).<\/p>\n\n\n\n<h2 class=\"wp-block-heading\" id=\"consejos-pr\u00e1cticos\">Consejos pr\u00e1cticos<\/h2>\n\n\n\n<ul class=\"wp-block-list\">\n<li><strong>Equipaje:<\/strong>\u00a0Mochila ligera (~5\u20137 kg). Llevar ropa impermeable en caso de lluvia. En primavera\/verano, protecci\u00f3n solar y gorro para el tramo de playa.<\/li>\n\n\n\n<li><strong>Agua\/comida:<\/strong>\u00a0Puntos de abastecimiento en Baiona y A Ramallosa; al entrar en Vigo hay multitud de servicios. Lleva al menos 1\u20132 L de agua. Paradas recomendadas: fuente de O Pombal en Sabar\u00eds (Baiona) y Chiringuito Samil.<\/li>\n\n\n\n<li><strong>Seguridad:<\/strong>\u00a0El camino oficial cruza la N-652; atenci\u00f3n al tr\u00e1fico. En la variante costera, se atraviesa avenida de Panx\u00f3n y el centro de Vigo (Samil). En ciudades, cuida tus pertenencias. Lleva tel\u00e9fono m\u00f3vil cargado.<\/li>\n\n\n\n<li><strong>Transporte:<\/strong>\u00a0Para alargar o acortar etapas: autob\u00fas Baiona\u2013Vigo (L\u00ednea Xacobeo o Freire, aprox. 30 min). Tambi\u00e9n taxi en Ramallosa o enlace desde Vigo. En bicicleta, se recomienda casco y luces para tramo urbano.<\/li>\n\n\n\n<li><strong>Otros consejos:<\/strong>\u00a0Cruza temprano la r\u00eda por el puente de A Ramallosa (camino oficial) o toma la pasarela de Samil. Hay se\u00f1alizaci\u00f3n dual (flechas verdes costeras, amarillas internas). El tramo hasta A Ramallosa es bonito por playas Santa Marta\/Ladeira; en Ramallosa elige la opci\u00f3n deseada.<\/li>\n<\/ul>\n\n\n\n<figure class=\"wp-block-image size-full\"><img fetchpriority=\"high\" decoding=\"async\" width=\"1008\" height=\"756\" src=\"https:\/\/acasadostrevos.com\/wp-content\/uploads\/2026\/03\/BAIONA-2.jpg\" alt=\"\" class=\"wp-image-70\" srcset=\"https:\/\/acasadostrevos.com\/wp-content\/uploads\/2026\/03\/BAIONA-2.jpg 1008w, https:\/\/acasadostrevos.com\/wp-content\/uploads\/2026\/03\/BAIONA-2-300x225.jpg 300w, https:\/\/acasadostrevos.com\/wp-content\/uploads\/2026\/03\/BAIONA-2-768x576.jpg 768w, https:\/\/acasadostrevos.com\/wp-content\/uploads\/2026\/03\/BAIONA-2-16x12.jpg 16w\" sizes=\"(max-width: 1008px) 100vw, 1008px\" \/><\/figure>\n\n\n\n<h2 class=\"wp-block-heading\" id=\"alojamiento-en-baiona--a-ramallosa\">Alojamiento en Baiona \/ A Ramallosa<\/h2>\n\n\n\n<ul class=\"wp-block-list\">\n<li><strong>Baiona:<\/strong>\n<ul class=\"wp-block-list\">\n<li><em>Albergue Estela do Mar<\/em>\u00a0(privado) \u2013 En pleno casco urbano de Baiona (C\/ Laureano Salgado, 15). Precio ~18\u201321 \u20ac litera. Reserva online recomendable.<\/li>\n\n\n\n<li><em>Albergue Hostel Baionamar<\/em>\u00a0\u2013 18 plazas, 17\u201321 \u20ac\u00a0(abierto Marzo-Octubre). Otro\u00a0<strong>hostal\/hotel<\/strong>: EntreRobles (bien ubicado).<\/li>\n<\/ul>\n<\/li>\n\n\n\n<li><strong>A Ramallosa:<\/strong>\n<ul class=\"wp-block-list\">\n<li><em>Hospeder\u00eda Pazo P\u00edas<\/em>\u00a0\u2013 Albergue cerca del puente romano de A Ramallosa, 18 \u20ac\/pers. Llama para reservar.<\/li>\n\n\n\n<li><em>Hotel Miramar<\/em>\u00a0\u2013 2 estrellas, desde ~65 \u20ac, a 1,3 km de la v\u00eda costera.<\/li>\n<\/ul>\n<\/li>\n<\/ul>\n\n\n\n<p>Para peregrinos,&nbsp;<strong>A Casa Dos Trevos<\/strong>&nbsp;es opci\u00f3n ideal cerca de A Ramallosa (Baiona). Ofrece recogida en aeropuerto, cena y desayuno incluido, y traslado matutino a Baiona. Si buscas descanso al final de la jornada, cont\u00e1ctanos:<\/p>\n\n\n\n<p><em>\u00a1Empieza tu etapa en Baiona con energ\u00eda!<\/em>&nbsp;Reserva ya en&nbsp;<em>Casa Dos Trevos<\/em>&nbsp;y recibe la mejor atenci\u00f3n antes de tu partida.<\/p>\n\n\n\n<h2 class=\"wp-block-heading\" id=\"comparativa-variantes-costera-vs-interior\">Comparativa variantes (costera vs interior)<\/h2>\n\n\n\n<figure class=\"wp-block-table\"><table class=\"has-fixed-layout\"><thead><tr><th class=\"has-text-align-left\" data-align=\"left\">Variante<\/th><th class=\"has-text-align-left\" data-align=\"left\">Pros clave<\/th><th class=\"has-text-align-left\" data-align=\"left\">Contras clave<\/th><\/tr><\/thead><tbody><tr><td><strong>Costera<\/strong><\/td><td>Vistas al mar (pl. Samil, R\u00eda de Vigo); recorrido ~3 km m\u00e1s corto. Ambiente playero final.<\/td><td>Menos se\u00f1alizaci\u00f3n amarilla; pasos urbanos en Vigo; expuesto al viento.<\/td><\/tr><tr><td><strong>Interior<\/strong><\/td><td>M\u00e1s se\u00f1alizaci\u00f3n oficial; cruza puente medieval y municipios (Ramallosa, Sai\u00e1ns).<\/td><td>Recorre ~3 km extra; subidas suaves en Ramallosa; entorno m\u00e1s urbano.<\/td><\/tr><\/tbody><\/table><\/figure>","protected":false},"excerpt":{"rendered":"<p>Resumen:\u00a0Esta etapa conecta la hist\u00f3rica villa marinera de Baiona con la ciudad de Vigo. Seg\u00fan la Xunta, la longitud oficial es de\u00a026,8 km\u00a0(dificultad baja, ~5h25min caminando). Es un recorrido mayormente llano que discurre por Sabar\u00eds y A Ramallosa antes de entrar en Vigo. Existe una variante costera m\u00e1s corta (~23 km) que bordea la r\u00eda [&hellip;]<\/p>\n","protected":false},"author":1,"featured_media":70,"comment_status":"open","ping_status":"open","sticky":false,"template":"","format":"standard","meta":{"footnotes":""},"categories":[1],"tags":[],"class_list":["post-165","post","type-post","status-publish","format-standard","has-post-thumbnail","hentry","category-uncategorized"],"yoast_head":"<!-- This site is optimized with the Yoast SEO plugin v27.4 - https:\/\/yoast.com\/product\/yoast-seo-wordpress\/ -->\n<title>Etapa Baiona\u2013Vigo (Camino Portugu\u00e9s por la Costa) - A Casa Dos Trevos<\/title>\n<meta name=\"robots\" content=\"index, follow, max-snippet:-1, max-image-preview:large, max-video-preview:-1\" \/>\n<link rel=\"canonical\" href=\"https:\/\/acasadostrevos.com\/en\/etapa-baiona-vigo-camino-portugues-por-la-costa\/\" \/>\n<meta property=\"og:locale\" content=\"en_US\" \/>\n<meta property=\"og:type\" content=\"article\" \/>\n<meta property=\"og:title\" content=\"Etapa Baiona\u2013Vigo (Camino Portugu\u00e9s por la Costa) - A Casa Dos Trevos\" \/>\n<meta property=\"og:description\" content=\"Resumen:\u00a0Esta etapa conecta la hist\u00f3rica villa marinera de Baiona con la ciudad de Vigo. Seg\u00fan la Xunta, la longitud oficial es de\u00a026,8 km\u00a0(dificultad baja, ~5h25min caminando). Es un recorrido mayormente llano que discurre por Sabar\u00eds y A Ramallosa antes de entrar en Vigo. Existe una variante costera m\u00e1s corta (~23 km) que bordea la r\u00eda [&hellip;]\" \/>\n<meta property=\"og:url\" content=\"https:\/\/acasadostrevos.com\/en\/etapa-baiona-vigo-camino-portugues-por-la-costa\/\" \/>\n<meta property=\"og:site_name\" content=\"A Casa Dos Trevos\" \/>\n<meta property=\"article:published_time\" content=\"2026-03-29T01:11:25+00:00\" \/>\n<meta property=\"article:modified_time\" content=\"2026-03-29T01:11:27+00:00\" \/>\n<meta property=\"og:image\" content=\"https:\/\/acasadostrevos.com\/wp-content\/uploads\/2026\/03\/BAIONA-2.jpg\" \/>\n\t<meta property=\"og:image:width\" content=\"1008\" \/>\n\t<meta property=\"og:image:height\" content=\"756\" \/>\n\t<meta property=\"og:image:type\" content=\"image\/jpeg\" \/>\n<meta name=\"author\" content=\"admin\" \/>\n<meta name=\"twitter:card\" content=\"summary_large_image\" \/>\n<meta name=\"twitter:label1\" content=\"Written by\" \/>\n\t<meta name=\"twitter:data1\" content=\"admin\" \/>\n\t<meta name=\"twitter:label2\" content=\"Est. reading time\" \/>\n\t<meta name=\"twitter:data2\" content=\"4 minutes\" \/>\n<script type=\"application\/ld+json\" class=\"yoast-schema-graph\">{\"@context\":\"https:\\\/\\\/schema.org\",\"@graph\":[{\"@type\":\"Article\",\"@id\":\"https:\\\/\\\/acasadostrevos.com\\\/etapa-baiona-vigo-camino-portugues-por-la-costa\\\/#article\",\"isPartOf\":{\"@id\":\"https:\\\/\\\/acasadostrevos.com\\\/etapa-baiona-vigo-camino-portugues-por-la-costa\\\/\"},\"author\":{\"name\":\"admin\",\"@id\":\"https:\\\/\\\/acasadostrevos.com\\\/#\\\/schema\\\/person\\\/13e681dcf94d7956c5a8886c1a4d590e\"},\"headline\":\"Etapa Baiona\u2013Vigo (Camino Portugu\u00e9s por la Costa)\",\"datePublished\":\"2026-03-29T01:11:25+00:00\",\"dateModified\":\"2026-03-29T01:11:27+00:00\",\"mainEntityOfPage\":{\"@id\":\"https:\\\/\\\/acasadostrevos.com\\\/etapa-baiona-vigo-camino-portugues-por-la-costa\\\/\"},\"wordCount\":825,\"commentCount\":0,\"publisher\":{\"@id\":\"https:\\\/\\\/acasadostrevos.com\\\/#organization\"},\"image\":{\"@id\":\"https:\\\/\\\/acasadostrevos.com\\\/etapa-baiona-vigo-camino-portugues-por-la-costa\\\/#primaryimage\"},\"thumbnailUrl\":\"https:\\\/\\\/acasadostrevos.com\\\/wp-content\\\/uploads\\\/2026\\\/03\\\/BAIONA-2.jpg\",\"inLanguage\":\"en-US\",\"potentialAction\":[{\"@type\":\"CommentAction\",\"name\":\"Comment\",\"target\":[\"https:\\\/\\\/acasadostrevos.com\\\/etapa-baiona-vigo-camino-portugues-por-la-costa\\\/#respond\"]}]},{\"@type\":\"WebPage\",\"@id\":\"https:\\\/\\\/acasadostrevos.com\\\/etapa-baiona-vigo-camino-portugues-por-la-costa\\\/\",\"url\":\"https:\\\/\\\/acasadostrevos.com\\\/etapa-baiona-vigo-camino-portugues-por-la-costa\\\/\",\"name\":\"Etapa Baiona\u2013Vigo (Camino Portugu\u00e9s por la Costa) - A Casa Dos Trevos\",\"isPartOf\":{\"@id\":\"https:\\\/\\\/acasadostrevos.com\\\/#website\"},\"primaryImageOfPage\":{\"@id\":\"https:\\\/\\\/acasadostrevos.com\\\/etapa-baiona-vigo-camino-portugues-por-la-costa\\\/#primaryimage\"},\"image\":{\"@id\":\"https:\\\/\\\/acasadostrevos.com\\\/etapa-baiona-vigo-camino-portugues-por-la-costa\\\/#primaryimage\"},\"thumbnailUrl\":\"https:\\\/\\\/acasadostrevos.com\\\/wp-content\\\/uploads\\\/2026\\\/03\\\/BAIONA-2.jpg\",\"datePublished\":\"2026-03-29T01:11:25+00:00\",\"dateModified\":\"2026-03-29T01:11:27+00:00\",\"breadcrumb\":{\"@id\":\"https:\\\/\\\/acasadostrevos.com\\\/etapa-baiona-vigo-camino-portugues-por-la-costa\\\/#breadcrumb\"},\"inLanguage\":\"en-US\",\"potentialAction\":[{\"@type\":\"ReadAction\",\"target\":[\"https:\\\/\\\/acasadostrevos.com\\\/etapa-baiona-vigo-camino-portugues-por-la-costa\\\/\"]}]},{\"@type\":\"ImageObject\",\"inLanguage\":\"en-US\",\"@id\":\"https:\\\/\\\/acasadostrevos.com\\\/etapa-baiona-vigo-camino-portugues-por-la-costa\\\/#primaryimage\",\"url\":\"https:\\\/\\\/acasadostrevos.com\\\/wp-content\\\/uploads\\\/2026\\\/03\\\/BAIONA-2.jpg\",\"contentUrl\":\"https:\\\/\\\/acasadostrevos.com\\\/wp-content\\\/uploads\\\/2026\\\/03\\\/BAIONA-2.jpg\",\"width\":1008,\"height\":756},{\"@type\":\"BreadcrumbList\",\"@id\":\"https:\\\/\\\/acasadostrevos.com\\\/etapa-baiona-vigo-camino-portugues-por-la-costa\\\/#breadcrumb\",\"itemListElement\":[{\"@type\":\"ListItem\",\"position\":1,\"name\":\"Portada\",\"item\":\"https:\\\/\\\/acasadostrevos.com\\\/\"},{\"@type\":\"ListItem\",\"position\":2,\"name\":\"Etapa Baiona\u2013Vigo (Camino Portugu\u00e9s por la Costa)\"}]},{\"@type\":\"WebSite\",\"@id\":\"https:\\\/\\\/acasadostrevos.com\\\/#website\",\"url\":\"https:\\\/\\\/acasadostrevos.com\\\/\",\"name\":\"A Casa Dos Trevos\",\"description\":\"\",\"publisher\":{\"@id\":\"https:\\\/\\\/acasadostrevos.com\\\/#organization\"},\"potentialAction\":[{\"@type\":\"SearchAction\",\"target\":{\"@type\":\"EntryPoint\",\"urlTemplate\":\"https:\\\/\\\/acasadostrevos.com\\\/?s={search_term_string}\"},\"query-input\":{\"@type\":\"PropertyValueSpecification\",\"valueRequired\":true,\"valueName\":\"search_term_string\"}}],\"inLanguage\":\"en-US\"},{\"@type\":\"Organization\",\"@id\":\"https:\\\/\\\/acasadostrevos.com\\\/#organization\",\"name\":\"A Casa Dos Trevos\",\"url\":\"https:\\\/\\\/acasadostrevos.com\\\/\",\"logo\":{\"@type\":\"ImageObject\",\"inLanguage\":\"en-US\",\"@id\":\"https:\\\/\\\/acasadostrevos.com\\\/#\\\/schema\\\/logo\\\/image\\\/\",\"url\":\"https:\\\/\\\/acasadostrevos.com\\\/wp-content\\\/uploads\\\/2026\\\/03\\\/cropped-logo-a-casa-dos-trevos.jpg\",\"contentUrl\":\"https:\\\/\\\/acasadostrevos.com\\\/wp-content\\\/uploads\\\/2026\\\/03\\\/cropped-logo-a-casa-dos-trevos.jpg\",\"width\":1000,\"height\":500,\"caption\":\"A Casa Dos Trevos\"},\"image\":{\"@id\":\"https:\\\/\\\/acasadostrevos.com\\\/#\\\/schema\\\/logo\\\/image\\\/\"}},{\"@type\":\"Person\",\"@id\":\"https:\\\/\\\/acasadostrevos.com\\\/#\\\/schema\\\/person\\\/13e681dcf94d7956c5a8886c1a4d590e\",\"name\":\"admin\",\"image\":{\"@type\":\"ImageObject\",\"inLanguage\":\"en-US\",\"@id\":\"https:\\\/\\\/secure.gravatar.com\\\/avatar\\\/5ac334fb39af2e4690e6c88eb4fbe96d547d6c43a3d0aef3e0ec635b4ab4b526?s=96&d=mm&r=g\",\"url\":\"https:\\\/\\\/secure.gravatar.com\\\/avatar\\\/5ac334fb39af2e4690e6c88eb4fbe96d547d6c43a3d0aef3e0ec635b4ab4b526?s=96&d=mm&r=g\",\"contentUrl\":\"https:\\\/\\\/secure.gravatar.com\\\/avatar\\\/5ac334fb39af2e4690e6c88eb4fbe96d547d6c43a3d0aef3e0ec635b4ab4b526?s=96&d=mm&r=g\",\"caption\":\"admin\"},\"sameAs\":[\"https:\\\/\\\/acasadostrevos.com\"],\"url\":\"https:\\\/\\\/acasadostrevos.com\\\/en\\\/author\\\/admin_fran\\\/\"}]}<\/script>\n<!-- \/ Yoast SEO plugin. -->","yoast_head_json":{"title":"Etapa Baiona\u2013Vigo (Camino Portugu\u00e9s por la Costa) - A Casa Dos Trevos","robots":{"index":"index","follow":"follow","max-snippet":"max-snippet:-1","max-image-preview":"max-image-preview:large","max-video-preview":"max-video-preview:-1"},"canonical":"https:\/\/acasadostrevos.com\/en\/etapa-baiona-vigo-camino-portugues-por-la-costa\/","og_locale":"en_US","og_type":"article","og_title":"Etapa Baiona\u2013Vigo (Camino Portugu\u00e9s por la Costa) - A Casa Dos Trevos","og_description":"Resumen:\u00a0Esta etapa conecta la hist\u00f3rica villa marinera de Baiona con la ciudad de Vigo. Seg\u00fan la Xunta, la longitud oficial es de\u00a026,8 km\u00a0(dificultad baja, ~5h25min caminando). Es un recorrido mayormente llano que discurre por Sabar\u00eds y A Ramallosa antes de entrar en Vigo. Existe una variante costera m\u00e1s corta (~23 km) que bordea la r\u00eda [&hellip;]","og_url":"https:\/\/acasadostrevos.com\/en\/etapa-baiona-vigo-camino-portugues-por-la-costa\/","og_site_name":"A Casa Dos Trevos","article_published_time":"2026-03-29T01:11:25+00:00","article_modified_time":"2026-03-29T01:11:27+00:00","og_image":[{"width":1008,"height":756,"url":"https:\/\/acasadostrevos.com\/wp-content\/uploads\/2026\/03\/BAIONA-2.jpg","type":"image\/jpeg"}],"author":"admin","twitter_card":"summary_large_image","twitter_misc":{"Written by":"admin","Est. reading time":"4 minutes"},"schema":{"@context":"https:\/\/schema.org","@graph":[{"@type":"Article","@id":"https:\/\/acasadostrevos.com\/etapa-baiona-vigo-camino-portugues-por-la-costa\/#article","isPartOf":{"@id":"https:\/\/acasadostrevos.com\/etapa-baiona-vigo-camino-portugues-por-la-costa\/"},"author":{"name":"admin","@id":"https:\/\/acasadostrevos.com\/#\/schema\/person\/13e681dcf94d7956c5a8886c1a4d590e"},"headline":"Etapa Baiona\u2013Vigo (Camino Portugu\u00e9s por la Costa)","datePublished":"2026-03-29T01:11:25+00:00","dateModified":"2026-03-29T01:11:27+00:00","mainEntityOfPage":{"@id":"https:\/\/acasadostrevos.com\/etapa-baiona-vigo-camino-portugues-por-la-costa\/"},"wordCount":825,"commentCount":0,"publisher":{"@id":"https:\/\/acasadostrevos.com\/#organization"},"image":{"@id":"https:\/\/acasadostrevos.com\/etapa-baiona-vigo-camino-portugues-por-la-costa\/#primaryimage"},"thumbnailUrl":"https:\/\/acasadostrevos.com\/wp-content\/uploads\/2026\/03\/BAIONA-2.jpg","inLanguage":"en-US","potentialAction":[{"@type":"CommentAction","name":"Comment","target":["https:\/\/acasadostrevos.com\/etapa-baiona-vigo-camino-portugues-por-la-costa\/#respond"]}]},{"@type":"WebPage","@id":"https:\/\/acasadostrevos.com\/etapa-baiona-vigo-camino-portugues-por-la-costa\/","url":"https:\/\/acasadostrevos.com\/etapa-baiona-vigo-camino-portugues-por-la-costa\/","name":"Etapa Baiona\u2013Vigo (Camino Portugu\u00e9s por la Costa) - A Casa Dos Trevos","isPartOf":{"@id":"https:\/\/acasadostrevos.com\/#website"},"primaryImageOfPage":{"@id":"https:\/\/acasadostrevos.com\/etapa-baiona-vigo-camino-portugues-por-la-costa\/#primaryimage"},"image":{"@id":"https:\/\/acasadostrevos.com\/etapa-baiona-vigo-camino-portugues-por-la-costa\/#primaryimage"},"thumbnailUrl":"https:\/\/acasadostrevos.com\/wp-content\/uploads\/2026\/03\/BAIONA-2.jpg","datePublished":"2026-03-29T01:11:25+00:00","dateModified":"2026-03-29T01:11:27+00:00","breadcrumb":{"@id":"https:\/\/acasadostrevos.com\/etapa-baiona-vigo-camino-portugues-por-la-costa\/#breadcrumb"},"inLanguage":"en-US","potentialAction":[{"@type":"ReadAction","target":["https:\/\/acasadostrevos.com\/etapa-baiona-vigo-camino-portugues-por-la-costa\/"]}]},{"@type":"ImageObject","inLanguage":"en-US","@id":"https:\/\/acasadostrevos.com\/etapa-baiona-vigo-camino-portugues-por-la-costa\/#primaryimage","url":"https:\/\/acasadostrevos.com\/wp-content\/uploads\/2026\/03\/BAIONA-2.jpg","contentUrl":"https:\/\/acasadostrevos.com\/wp-content\/uploads\/2026\/03\/BAIONA-2.jpg","width":1008,"height":756},{"@type":"BreadcrumbList","@id":"https:\/\/acasadostrevos.com\/etapa-baiona-vigo-camino-portugues-por-la-costa\/#breadcrumb","itemListElement":[{"@type":"ListItem","position":1,"name":"Portada","item":"https:\/\/acasadostrevos.com\/"},{"@type":"ListItem","position":2,"name":"Etapa Baiona\u2013Vigo (Camino Portugu\u00e9s por la Costa)"}]},{"@type":"WebSite","@id":"https:\/\/acasadostrevos.com\/#website","url":"https:\/\/acasadostrevos.com\/","name":"A Casa Dos Trevos","description":"","publisher":{"@id":"https:\/\/acasadostrevos.com\/#organization"},"potentialAction":[{"@type":"SearchAction","target":{"@type":"EntryPoint","urlTemplate":"https:\/\/acasadostrevos.com\/?s={search_term_string}"},"query-input":{"@type":"PropertyValueSpecification","valueRequired":true,"valueName":"search_term_string"}}],"inLanguage":"en-US"},{"@type":"Organization","@id":"https:\/\/acasadostrevos.com\/#organization","name":"A Casa Dos Trevos","url":"https:\/\/acasadostrevos.com\/","logo":{"@type":"ImageObject","inLanguage":"en-US","@id":"https:\/\/acasadostrevos.com\/#\/schema\/logo\/image\/","url":"https:\/\/acasadostrevos.com\/wp-content\/uploads\/2026\/03\/cropped-logo-a-casa-dos-trevos.jpg","contentUrl":"https:\/\/acasadostrevos.com\/wp-content\/uploads\/2026\/03\/cropped-logo-a-casa-dos-trevos.jpg","width":1000,"height":500,"caption":"A Casa Dos Trevos"},"image":{"@id":"https:\/\/acasadostrevos.com\/#\/schema\/logo\/image\/"}},{"@type":"Person","@id":"https:\/\/acasadostrevos.com\/#\/schema\/person\/13e681dcf94d7956c5a8886c1a4d590e","name":"admin","image":{"@type":"ImageObject","inLanguage":"en-US","@id":"https:\/\/secure.gravatar.com\/avatar\/5ac334fb39af2e4690e6c88eb4fbe96d547d6c43a3d0aef3e0ec635b4ab4b526?s=96&d=mm&r=g","url":"https:\/\/secure.gravatar.com\/avatar\/5ac334fb39af2e4690e6c88eb4fbe96d547d6c43a3d0aef3e0ec635b4ab4b526?s=96&d=mm&r=g","contentUrl":"https:\/\/secure.gravatar.com\/avatar\/5ac334fb39af2e4690e6c88eb4fbe96d547d6c43a3d0aef3e0ec635b4ab4b526?s=96&d=mm&r=g","caption":"admin"},"sameAs":["https:\/\/acasadostrevos.com"],"url":"https:\/\/acasadostrevos.com\/en\/author\/admin_fran\/"}]}},"_links":{"self":[{"href":"https:\/\/acasadostrevos.com\/en\/wp-json\/wp\/v2\/posts\/165","targetHints":{"allow":["GET"]}}],"collection":[{"href":"https:\/\/acasadostrevos.com\/en\/wp-json\/wp\/v2\/posts"}],"about":[{"href":"https:\/\/acasadostrevos.com\/en\/wp-json\/wp\/v2\/types\/post"}],"author":[{"embeddable":true,"href":"https:\/\/acasadostrevos.com\/en\/wp-json\/wp\/v2\/users\/1"}],"replies":[{"embeddable":true,"href":"https:\/\/acasadostrevos.com\/en\/wp-json\/wp\/v2\/comments?post=165"}],"version-history":[{"count":1,"href":"https:\/\/acasadostrevos.com\/en\/wp-json\/wp\/v2\/posts\/165\/revisions"}],"predecessor-version":[{"id":166,"href":"https:\/\/acasadostrevos.com\/en\/wp-json\/wp\/v2\/posts\/165\/revisions\/166"}],"wp:featuredmedia":[{"embeddable":true,"href":"https:\/\/acasadostrevos.com\/en\/wp-json\/wp\/v2\/media\/70"}],"wp:attachment":[{"href":"https:\/\/acasadostrevos.com\/en\/wp-json\/wp\/v2\/media?parent=165"}],"wp:term":[{"taxonomy":"category","embeddable":true,"href":"https:\/\/acasadostrevos.com\/en\/wp-json\/wp\/v2\/categories?post=165"},{"taxonomy":"post_tag","embeddable":true,"href":"https:\/\/acasadostrevos.com\/en\/wp-json\/wp\/v2\/tags?post=165"}],"curies":[{"name":"wp","href":"https:\/\/api.w.org\/{rel}","templated":true}]}}